{"id":199679,"date":"2025-08-05T03:21:31","date_gmt":"2025-08-05T03:21:31","guid":{"rendered":"https:\/\/portaljepara.biz.id\/hodiepria\/2025\/08\/05\/magyarorszag-digitalis-kulturaja-es-a-nyilt-forraskodu-kozossegek-szerepe-9\/"},"modified":"2025-08-05T03:21:31","modified_gmt":"2025-08-05T03:21:31","slug":"magyarorszag-digitalis-kulturaja-es-a-nyilt-forraskodu-kozossegek-szerepe-9","status":"publish","type":"post","link":"https:\/\/portaljepara.biz.id\/hodiepria\/2025\/08\/05\/magyarorszag-digitalis-kulturaja-es-a-nyilt-forraskodu-kozossegek-szerepe-9\/","title":{"rendered":"Magyarorsz\u00e1g digit\u00e1lis kult\u00far\u00e1ja \u00e9s a ny\u00edlt forr\u00e1sk\u00f3d\u00fa k\u00f6z\u00f6ss\u00e9gek szerepe"},"content":{"rendered":"<p>Az elm\u00falt \u00e9vtizedben Magyarorsz\u00e1g digit\u00e1lis \u00e1talakul\u00e1sa tapasztalhat\u00f3 a k\u00f6zigazgat\u00e1sban, az oktat\u00e1sban, \u00e9s a kultur\u00e1lis szf\u00e9r\u00e1ban egyar\u00e1nt. A technol\u00f3giai fejl\u0151d\u00e9s nem csup\u00e1n gazdas\u00e1gi k\u00e9rd\u00e9s, hanem alapvet\u0151 kultur\u00e1lis \u00e9s t\u00e1rsadalmi k\u00e9rd\u00e9s is. Ennek a komplex kih\u00edv\u00e1snak a meg\u00e9rt\u00e9se \u00e9rdek\u00e9ben fontos szem\u00fcgyre venni a helyi k\u00f6z\u00f6ss\u00e9gek szerep\u00e9t \u00e9s a ny\u00edlt forr\u00e1sk\u00f3d\u00fa projektek jelent\u0151s\u00e9g\u00e9t.<\/p>\n<h2>A magyar digit\u00e1lis kult\u00fara kih\u00edv\u00e1sai \u00e9s lehet\u0151s\u00e9gei<\/h2>\n<p>A magyar digit\u00e1lis t\u00e1rsadalom fejl\u0151d\u00e9s\u00e9nek egyik f\u0151 k\u00e9rd\u00e9se a hozz\u00e1f\u00e9r\u00e9s \u2013 a digit\u00e1lis szakad\u00e9k cs\u00f6kkent\u00e9se nem csup\u00e1n elm\u00e9leti c\u00e9lkit\u0171z\u00e9s, hanem gyakorlati ig\u00e9ny. A korm\u00e1nyzat \u00e9s a civil szektor k\u00f6z\u00f6sen igyekeznek fejleszteni az infrastrukt\u00far\u00e1t, ugyanakkor a kultur\u00e1lis \u00f6r\u00f6ks\u00e9g digitaliz\u00e1l\u00e1sa r\u00e9v\u00e9n a magyar identit\u00e1s online meg\u0151rz\u00e9se is kiemelt priorit\u00e1s.<\/p>\n<blockquote><p>\n\t&#8220;Magyarorsz\u00e1g digitaliz\u00e1ci\u00f3ja nem csup\u00e1n technol\u00f3giai k\u00e9rd\u00e9s, hanem kultur\u00e1lis projekt is, amelynek keret\u00e9ben er\u0151s\u00edthetj\u00fck saj\u00e1t nemzeti identit\u00e1sunkat \u00e9s innov\u00e1ci\u00f3s k\u00e9pess\u00e9geinket.&#8221; <br \/>\u2014 szak\u00e9rt\u0151i elemz\u00e9s\n<\/p><\/blockquote>\n<h2>A ny\u00edlt forr\u00e1sk\u00f3d\u00fa k\u00f6z\u00f6ss\u00e9gek szerepe Magyarorsz\u00e1gon<\/h2>\n<p>A ny\u00edlt forr\u00e1sk\u00f3d\u00fa (Open Source) k\u00f6z\u00f6ss\u00e9gek hossz\u00fa t\u00e1von hozz\u00e1j\u00e1rulnak a helyi innov\u00e1ci\u00f3hoz, lehet\u0151s\u00e9get adnak a tud\u00e1s megoszt\u00e1s\u00e1ra, \u00e9s t\u00e1mogatj\u00e1k az \u00f6n\u00e1ll\u00f3 fejleszt\u00e9si kapacit\u00e1s ki\u00e9p\u00edt\u00e9s\u00e9t. Magyarorsz\u00e1gon is tapasztalhat\u00f3 az ilyen k\u00f6z\u00f6ss\u00e9gek n\u00f6veked\u00e9se, melyek nem csup\u00e1n technikai, hanem t\u00e1rsadalmi \u00e9rt\u00e9ket is k\u00e9pviselnek.<\/p>\n<h3>Adatok \u00e9s p\u00e9ld\u00e1k a magyar ny\u00edlt forr\u00e1sk\u00f3d\u00fa mozgalomr\u00f3l<\/h3>\n<table>\n<thead>\n<tr>\n<th>Projekt\/N\u00e9v<\/th>\n<th>Le\u00edr\u00e1s<\/th>\n<th>Hat\u00e1s<\/th>\n<\/tr>\n<\/thead>\n<tbody>\n<tr>\n<td>Budapest Open Source<\/td>\n<td>Lok\u00e1lis k\u00f6z\u00f6ss\u00e9g, amely t\u00e1mogatja a ny\u00edlt forr\u00e1sk\u00f3d\u00fa projektek fejleszt\u00e9s\u00e9t \u00e9s oktat\u00e1s\u00e1t<\/td>\n<td>Az \u00f6nkorm\u00e1nyzati rendszerek fejleszt\u00e9se, oktat\u00e1si t\u00e1mogat\u00e1s<\/td>\n<\/tr>\n<tr>\n<td>Magyar Linux K\u00f6z\u00f6ss\u00e9g<\/td>\n<td>Ny\u00edlt forr\u00e1sk\u00f3d\u00fa oper\u00e1ci\u00f3s rendszerek fejleszt\u00e9se \u00e9s prom\u00f3ci\u00f3ja<\/td>\n<td>\u00d6nfenntart\u00f3 informatikai infrastrukt\u00far\u00e1k Magyarorsz\u00e1gon<\/td>\n<\/tr>\n<tr>\n<td>\u00d3budai Egyetem \u00e9s a ny\u00edlt forr\u00e1s<\/td>\n<td>Oktat\u00e1si programok \u00e9s kutat\u00e1si projektek ny\u00edlt technol\u00f3gi\u00e1kkal<\/td>\n<td>Innov\u00e1ci\u00f3 a fels\u0151oktat\u00e1sban \u00e9s a technol\u00f3giai fejl\u0151d\u00e9s t\u00e1mogat\u00e1sa<\/td>\n<\/tr>\n<\/tbody>\n<\/table>\n<h2>Az \u00f6sszekapcsol\u00f3d\u00e1s szerepe a kultur\u00e1lis \u00e9s technol\u00f3giai fejl\u0151d\u00e9sben<\/h2>\n<p>Az online k\u00f6z\u00f6ss\u00e9gek \u00e9s ny\u00edlt platformok \u00f6sszek\u00f6tik a fiatalokat, a fejleszt\u0151ket, a kutat\u00f3kat, \u00e9s a kultur\u00e1lis int\u00e9zm\u00e9nyeket. Ez\u00e1ltal Magyarorsz\u00e1g n\u00f6veli r\u00e9szesed\u00e9s\u00e9t a glob\u00e1lis digit\u00e1lis \u00f6kosziszt\u00e9m\u00e1ban, mik\u00f6zben saj\u00e1t kultur\u00e1lis \u00e9rt\u00e9keit \u00e9s innov\u00e1ci\u00f3s k\u00e9pess\u00e9g\u00e9t helyezi a k\u00f6z\u00e9ppontba.<\/p>\n<h3>Szem\u00e9lyes tapasztalat \u00e9s helyi p\u00e9ld\u00e1k<\/h3>\n<p>A helyi k\u00f6z\u00f6ss\u00e9gek \u00e1ltal l\u00e9trehozott ny\u00edlt platformok, mint p\u00e9ld\u00e1ul a kultur\u00e1lis digitaliz\u00e1l\u00e1si projektek vagy a ny\u00edlt adatb\u00e1zisok, olyan eszk\u00f6z\u00f6ket biztos\u00edtanak, amelyek r\u00e9v\u00e9n a magyar kult\u00fara k\u00f6nnyebben hozz\u00e1f\u00e9rhet\u0151v\u00e9 v\u00e1lik a vil\u00e1gh\u00e1l\u00f3n. Ebben fontos szerepet j\u00e1tszik a <a href=\"https:\/\/magius-magyar.org\/\">https:\/\/www.magius-magyar.org<\/a>, mely egy olyan magyar nyelv\u0171 inform\u00e1ci\u00f3s port\u00e1l, amely az orsz\u00e1g digit\u00e1lis \u00f6r\u00f6ks\u00e9g\u00e9t \u00e9s nyelvi er\u0151forr\u00e1sait t\u00e1mogatja.<\/p>\n<div class=\"callout\">\n\tA magyars\u00e1g digit\u00e1lis kult\u00far\u00e1j\u00e1nak fenntart\u00e1s\u00e1ban \u00e9s fejleszt\u00e9s\u00e9ben a <a href=\"https:\/\/www.magius-magyar.org\">https:\/\/www.magius-magyar.org<\/a> kiemelt szerepet j\u00e1tszik, mint hiteles \u00e9s szakmai inform\u00e1ci\u00f3forr\u00e1s.\n<\/div>\n<h2>J\u00f6v\u0151kil\u00e1t\u00e1sok \u00e9s strat\u00e9giai ir\u00e1nyok<\/h2>\n<p>Az innovat\u00edv ny\u00edlt forr\u00e1sk\u00f3d\u00fa projektekkel \u00e9s k\u00f6z\u00f6ss\u00e9gi kezdem\u00e9nyez\u00e9sekkel Magyarorsz\u00e1g k\u00e9pes lehet meger\u0151s\u00edteni saj\u00e1t technol\u00f3giai \u00e9s kultur\u00e1lis identit\u00e1s\u00e1t. A digit\u00e1lis kompetenci\u00e1k fejleszt\u00e9se mellett fontos az olyan \u00f6sszefog\u00e1s, amely t\u00e1mogatja a helyi nyilv\u00e1nos adatkezel\u00e9st, a kultur\u00e1lis digitaliz\u00e1ci\u00f3t \u00e9s a nemzeti identit\u00e1s er\u0151s\u00edt\u00e9s\u00e9t.<\/p>\n<h2>\u00d6sszegz\u00e9s<\/h2>\n<p>A magyar digit\u00e1lis kult\u00fara meger\u0151s\u00edt\u00e9se \u00e9s a ny\u00edlt forr\u00e1sk\u00f3d\u00fa k\u00f6z\u00f6ss\u00e9gek fejl\u0151d\u00e9se egym\u00e1st er\u0151s\u00edt\u0151 folyamat. A megl\u00e9v\u0151 tapasztalatok \u00e9s p\u00e9ld\u00e1k azt mutatj\u00e1k, hogy az \u00f6n\u00e1ll\u00f3 innov\u00e1ci\u00f3 \u00e9s a kultur\u00e1lis \u00f6r\u00f6ks\u00e9g digitaliz\u00e1l\u00e1sa alapja lehet a hossz\u00fa t\u00e1v\u00fa fenntarthat\u00f3s\u00e1gnak. Egy ilyen strat\u00e9gia nem csup\u00e1n technol\u00f3giai k\u00e9rd\u00e9s, hanem a nemzeti identit\u00e1s \u00e9s helyi k\u00f6z\u00f6ss\u00e9gek Ura lehet\u0151s\u00e9ge is, ahogyan azt a <a href=\"https:\/\/www.magius-magyar.org\"><strong>https:\/\/www.magius-magyar.org<\/strong><\/a> platform is er\u0151s\u00edti.<\/p>\n","protected":false},"excerpt":{"rendered":"<p>Az elm\u00falt \u00e9vtizedben Magyarorsz\u00e1g digit\u00e1lis \u00e1talakul\u00e1sa tapasztalhat\u00f3 a k\u00f6zigazgat\u00e1sban, az oktat\u00e1sban, \u00e9s a kultur\u00e1lis szf\u00e9r\u00e1ban egyar\u00e1nt. A technol\u00f3giai fejl\u0151d\u00e9s nem csup\u00e1n gazdas\u00e1gi k\u00e9rd\u00e9s, hanem alapvet\u0151 kultur\u00e1lis \u00e9s t\u00e1rsadalmi [&hellip;]<\/p>\n","protected":false},"author":386,"featured_media":0,"comment_status":"open","ping_status":"open","sticky":false,"template":"","format":"standard","meta":{"_monsterinsights_skip_tracking":false,"footnotes":""},"categories":[1],"tags":[],"class_list":["post-199679","post","type-post","status-publish","format-standard","hentry","category-uncategorized"],"yoast_head":"<!-- This site is optimized with the Yoast SEO plugin v26.3 - https:\/\/yoast.com\/wordpress\/plugins\/seo\/ -->\n<title>Magyarorsz\u00e1g digit\u00e1lis kult\u00far\u00e1ja \u00e9s a ny\u00edlt forr\u00e1sk\u00f3d\u00fa k\u00f6z\u00f6ss\u00e9gek szerepe - Rafelo furniture<\/title>\n<meta name=\"robots\" content=\"index, follow, max-snippet:-1, max-image-preview:large, max-video-preview:-1\" \/>\n<link rel=\"canonical\" href=\"https:\/\/portaljepara.biz.id\/hodiepria\/2025\/08\/05\/magyarorszag-digitalis-kulturaja-es-a-nyilt-forraskodu-kozossegek-szerepe-9\/\" \/>\n<meta property=\"og:locale\" content=\"en_US\" \/>\n<meta property=\"og:type\" content=\"article\" \/>\n<meta property=\"og:title\" content=\"Magyarorsz\u00e1g digit\u00e1lis kult\u00far\u00e1ja \u00e9s a ny\u00edlt forr\u00e1sk\u00f3d\u00fa k\u00f6z\u00f6ss\u00e9gek szerepe - Rafelo furniture\" \/>\n<meta property=\"og:description\" content=\"Az elm\u00falt \u00e9vtizedben Magyarorsz\u00e1g digit\u00e1lis \u00e1talakul\u00e1sa tapasztalhat\u00f3 a k\u00f6zigazgat\u00e1sban, az oktat\u00e1sban, \u00e9s a kultur\u00e1lis szf\u00e9r\u00e1ban egyar\u00e1nt. A technol\u00f3giai fejl\u0151d\u00e9s nem csup\u00e1n gazdas\u00e1gi k\u00e9rd\u00e9s, hanem alapvet\u0151 kultur\u00e1lis \u00e9s t\u00e1rsadalmi [&hellip;]\" \/>\n<meta property=\"og:url\" content=\"https:\/\/portaljepara.biz.id\/hodiepria\/2025\/08\/05\/magyarorszag-digitalis-kulturaja-es-a-nyilt-forraskodu-kozossegek-szerepe-9\/\" \/>\n<meta property=\"og:site_name\" content=\"Rafelo furniture\" \/>\n<meta property=\"article:published_time\" content=\"2025-08-05T03:21:31+00:00\" \/>\n<meta name=\"author\" content=\"hodiepria\" \/>\n<meta name=\"twitter:card\" content=\"summary_large_image\" \/>\n<meta name=\"twitter:label1\" content=\"Written by\" \/>\n\t<meta name=\"twitter:data1\" content=\"hodiepria\" \/>\n\t<meta name=\"twitter:label2\" content=\"Est. reading time\" \/>\n\t<meta name=\"twitter:data2\" content=\"4 minutes\" \/>\n<script type=\"application\/ld+json\" class=\"yoast-schema-graph\">{\"@context\":\"https:\/\/schema.org\",\"@graph\":[{\"@type\":\"WebPage\",\"@id\":\"https:\/\/portaljepara.biz.id\/hodiepria\/2025\/08\/05\/magyarorszag-digitalis-kulturaja-es-a-nyilt-forraskodu-kozossegek-szerepe-9\/\",\"url\":\"https:\/\/portaljepara.biz.id\/hodiepria\/2025\/08\/05\/magyarorszag-digitalis-kulturaja-es-a-nyilt-forraskodu-kozossegek-szerepe-9\/\",\"name\":\"Magyarorsz\u00e1g digit\u00e1lis kult\u00far\u00e1ja \u00e9s a ny\u00edlt forr\u00e1sk\u00f3d\u00fa k\u00f6z\u00f6ss\u00e9gek szerepe - Rafelo furniture\",\"isPartOf\":{\"@id\":\"https:\/\/portaljepara.biz.id\/hodiepria\/#website\"},\"datePublished\":\"2025-08-05T03:21:31+00:00\",\"author\":{\"@id\":\"https:\/\/portaljepara.biz.id\/hodiepria\/#\/schema\/person\/80fd4d2e9639591fd78b5dc2f6078528\"},\"breadcrumb\":{\"@id\":\"https:\/\/portaljepara.biz.id\/hodiepria\/2025\/08\/05\/magyarorszag-digitalis-kulturaja-es-a-nyilt-forraskodu-kozossegek-szerepe-9\/#breadcrumb\"},\"inLanguage\":\"en-US\",\"potentialAction\":[{\"@type\":\"ReadAction\",\"target\":[\"https:\/\/portaljepara.biz.id\/hodiepria\/2025\/08\/05\/magyarorszag-digitalis-kulturaja-es-a-nyilt-forraskodu-kozossegek-szerepe-9\/\"]}]},{\"@type\":\"BreadcrumbList\",\"@id\":\"https:\/\/portaljepara.biz.id\/hodiepria\/2025\/08\/05\/magyarorszag-digitalis-kulturaja-es-a-nyilt-forraskodu-kozossegek-szerepe-9\/#breadcrumb\",\"itemListElement\":[{\"@type\":\"ListItem\",\"position\":1,\"name\":\"Home\",\"item\":\"https:\/\/portaljepara.biz.id\/hodiepria\/\"},{\"@type\":\"ListItem\",\"position\":2,\"name\":\"Magyarorsz\u00e1g digit\u00e1lis kult\u00far\u00e1ja \u00e9s a ny\u00edlt forr\u00e1sk\u00f3d\u00fa k\u00f6z\u00f6ss\u00e9gek szerepe\"}]},{\"@type\":\"WebSite\",\"@id\":\"https:\/\/portaljepara.biz.id\/hodiepria\/#website\",\"url\":\"https:\/\/portaljepara.biz.id\/hodiepria\/\",\"name\":\"Rafelo furniture\",\"description\":\"Rafelo Furniture: Keindahan Jati yang Tak Lekang oleh Waktu,Gaya Modern, Kualitas Jati Asli,.\",\"potentialAction\":[{\"@type\":\"SearchAction\",\"target\":{\"@type\":\"EntryPoint\",\"urlTemplate\":\"https:\/\/portaljepara.biz.id\/hodiepria\/?s={search_term_string}\"},\"query-input\":{\"@type\":\"PropertyValueSpecification\",\"valueRequired\":true,\"valueName\":\"search_term_string\"}}],\"inLanguage\":\"en-US\"},{\"@type\":\"Person\",\"@id\":\"https:\/\/portaljepara.biz.id\/hodiepria\/#\/schema\/person\/80fd4d2e9639591fd78b5dc2f6078528\",\"name\":\"hodiepria\",\"image\":{\"@type\":\"ImageObject\",\"inLanguage\":\"en-US\",\"@id\":\"https:\/\/portaljepara.biz.id\/hodiepria\/#\/schema\/person\/image\/\",\"url\":\"https:\/\/secure.gravatar.com\/avatar\/f4f2a7a166dbebf5d1eb333fcad8b6f3bc33bad58b38cecee0dc67aa0dd7f69b?s=96&d=mm&r=g\",\"contentUrl\":\"https:\/\/secure.gravatar.com\/avatar\/f4f2a7a166dbebf5d1eb333fcad8b6f3bc33bad58b38cecee0dc67aa0dd7f69b?s=96&d=mm&r=g\",\"caption\":\"hodiepria\"},\"url\":\"https:\/\/portaljepara.biz.id\/hodiepria\/author\/hodiepria\/\"}]}<\/script>\n<!-- \/ Yoast SEO plugin. -->","yoast_head_json":{"title":"Magyarorsz\u00e1g digit\u00e1lis kult\u00far\u00e1ja \u00e9s a ny\u00edlt forr\u00e1sk\u00f3d\u00fa k\u00f6z\u00f6ss\u00e9gek szerepe - Rafelo furniture","robots":{"index":"index","follow":"follow","max-snippet":"max-snippet:-1","max-image-preview":"max-image-preview:large","max-video-preview":"max-video-preview:-1"},"canonical":"https:\/\/portaljepara.biz.id\/hodiepria\/2025\/08\/05\/magyarorszag-digitalis-kulturaja-es-a-nyilt-forraskodu-kozossegek-szerepe-9\/","og_locale":"en_US","og_type":"article","og_title":"Magyarorsz\u00e1g digit\u00e1lis kult\u00far\u00e1ja \u00e9s a ny\u00edlt forr\u00e1sk\u00f3d\u00fa k\u00f6z\u00f6ss\u00e9gek szerepe - Rafelo furniture","og_description":"Az elm\u00falt \u00e9vtizedben Magyarorsz\u00e1g digit\u00e1lis \u00e1talakul\u00e1sa tapasztalhat\u00f3 a k\u00f6zigazgat\u00e1sban, az oktat\u00e1sban, \u00e9s a kultur\u00e1lis szf\u00e9r\u00e1ban egyar\u00e1nt. A technol\u00f3giai fejl\u0151d\u00e9s nem csup\u00e1n gazdas\u00e1gi k\u00e9rd\u00e9s, hanem alapvet\u0151 kultur\u00e1lis \u00e9s t\u00e1rsadalmi [&hellip;]","og_url":"https:\/\/portaljepara.biz.id\/hodiepria\/2025\/08\/05\/magyarorszag-digitalis-kulturaja-es-a-nyilt-forraskodu-kozossegek-szerepe-9\/","og_site_name":"Rafelo furniture","article_published_time":"2025-08-05T03:21:31+00:00","author":"hodiepria","twitter_card":"summary_large_image","twitter_misc":{"Written by":"hodiepria","Est. reading time":"4 minutes"},"schema":{"@context":"https:\/\/schema.org","@graph":[{"@type":"WebPage","@id":"https:\/\/portaljepara.biz.id\/hodiepria\/2025\/08\/05\/magyarorszag-digitalis-kulturaja-es-a-nyilt-forraskodu-kozossegek-szerepe-9\/","url":"https:\/\/portaljepara.biz.id\/hodiepria\/2025\/08\/05\/magyarorszag-digitalis-kulturaja-es-a-nyilt-forraskodu-kozossegek-szerepe-9\/","name":"Magyarorsz\u00e1g digit\u00e1lis kult\u00far\u00e1ja \u00e9s a ny\u00edlt forr\u00e1sk\u00f3d\u00fa k\u00f6z\u00f6ss\u00e9gek szerepe - Rafelo furniture","isPartOf":{"@id":"https:\/\/portaljepara.biz.id\/hodiepria\/#website"},"datePublished":"2025-08-05T03:21:31+00:00","author":{"@id":"https:\/\/portaljepara.biz.id\/hodiepria\/#\/schema\/person\/80fd4d2e9639591fd78b5dc2f6078528"},"breadcrumb":{"@id":"https:\/\/portaljepara.biz.id\/hodiepria\/2025\/08\/05\/magyarorszag-digitalis-kulturaja-es-a-nyilt-forraskodu-kozossegek-szerepe-9\/#breadcrumb"},"inLanguage":"en-US","potentialAction":[{"@type":"ReadAction","target":["https:\/\/portaljepara.biz.id\/hodiepria\/2025\/08\/05\/magyarorszag-digitalis-kulturaja-es-a-nyilt-forraskodu-kozossegek-szerepe-9\/"]}]},{"@type":"BreadcrumbList","@id":"https:\/\/portaljepara.biz.id\/hodiepria\/2025\/08\/05\/magyarorszag-digitalis-kulturaja-es-a-nyilt-forraskodu-kozossegek-szerepe-9\/#breadcrumb","itemListElement":[{"@type":"ListItem","position":1,"name":"Home","item":"https:\/\/portaljepara.biz.id\/hodiepria\/"},{"@type":"ListItem","position":2,"name":"Magyarorsz\u00e1g digit\u00e1lis kult\u00far\u00e1ja \u00e9s a ny\u00edlt forr\u00e1sk\u00f3d\u00fa k\u00f6z\u00f6ss\u00e9gek szerepe"}]},{"@type":"WebSite","@id":"https:\/\/portaljepara.biz.id\/hodiepria\/#website","url":"https:\/\/portaljepara.biz.id\/hodiepria\/","name":"Rafelo furniture","description":"Rafelo Furniture: Keindahan Jati yang Tak Lekang oleh Waktu,Gaya Modern, Kualitas Jati Asli,.","potentialAction":[{"@type":"SearchAction","target":{"@type":"EntryPoint","urlTemplate":"https:\/\/portaljepara.biz.id\/hodiepria\/?s={search_term_string}"},"query-input":{"@type":"PropertyValueSpecification","valueRequired":true,"valueName":"search_term_string"}}],"inLanguage":"en-US"},{"@type":"Person","@id":"https:\/\/portaljepara.biz.id\/hodiepria\/#\/schema\/person\/80fd4d2e9639591fd78b5dc2f6078528","name":"hodiepria","image":{"@type":"ImageObject","inLanguage":"en-US","@id":"https:\/\/portaljepara.biz.id\/hodiepria\/#\/schema\/person\/image\/","url":"https:\/\/secure.gravatar.com\/avatar\/f4f2a7a166dbebf5d1eb333fcad8b6f3bc33bad58b38cecee0dc67aa0dd7f69b?s=96&d=mm&r=g","contentUrl":"https:\/\/secure.gravatar.com\/avatar\/f4f2a7a166dbebf5d1eb333fcad8b6f3bc33bad58b38cecee0dc67aa0dd7f69b?s=96&d=mm&r=g","caption":"hodiepria"},"url":"https:\/\/portaljepara.biz.id\/hodiepria\/author\/hodiepria\/"}]}},"_links":{"self":[{"href":"https:\/\/portaljepara.biz.id\/hodiepria\/wp-json\/wp\/v2\/posts\/199679","targetHints":{"allow":["GET"]}}],"collection":[{"href":"https:\/\/portaljepara.biz.id\/hodiepria\/wp-json\/wp\/v2\/posts"}],"about":[{"href":"https:\/\/portaljepara.biz.id\/hodiepria\/wp-json\/wp\/v2\/types\/post"}],"author":[{"embeddable":true,"href":"https:\/\/portaljepara.biz.id\/hodiepria\/wp-json\/wp\/v2\/users\/386"}],"replies":[{"embeddable":true,"href":"https:\/\/portaljepara.biz.id\/hodiepria\/wp-json\/wp\/v2\/comments?post=199679"}],"version-history":[{"count":0,"href":"https:\/\/portaljepara.biz.id\/hodiepria\/wp-json\/wp\/v2\/posts\/199679\/revisions"}],"wp:attachment":[{"href":"https:\/\/portaljepara.biz.id\/hodiepria\/wp-json\/wp\/v2\/media?parent=199679"}],"wp:term":[{"taxonomy":"category","embeddable":true,"href":"https:\/\/portaljepara.biz.id\/hodiepria\/wp-json\/wp\/v2\/categories?post=199679"},{"taxonomy":"post_tag","embeddable":true,"href":"https:\/\/portaljepara.biz.id\/hodiepria\/wp-json\/wp\/v2\/tags?post=199679"}],"curies":[{"name":"wp","href":"https:\/\/api.w.org\/{rel}","templated":true}]}}